{"id":1512,"date":"2018-12-17T09:55:33","date_gmt":"2018-12-17T09:55:33","guid":{"rendered":"http:\/\/www.golfantequera.com\/antequera-golf-held-the-viii-vicente-jimenez-memorial\/"},"modified":"2018-12-17T09:56:18","modified_gmt":"2018-12-17T09:56:18","slug":"antequera-golf-held-the-viii-vicente-jimenez-memorial","status":"publish","type":"post","link":"https:\/\/www.golfantequera.com\/en\/antequera-golf-held-the-viii-vicente-jimenez-memorial\/","title":{"rendered":"Antequera Golf held the VIII Vicente Jim\u00e9nez Memorial"},"content":{"rendered":"<p>The Antequera Golf captain, Francisco Jim\u00e9nez, announced that the hole 1 will be named Vicente Jim\u00e9nez, &#8220;for being the founder of what is the first golf course in the center of Andalusia, a dream that 15 years ago became a reality in the city of Antequera &#8220;Exciting golf day that was experienced during the eighth edition of the Vicente Jim\u00e9nez Memorial, who was founder and president of the club for 8 years.<\/p>\n<p>After the intense day of play the captain announced to the participants that &#8220;from now on it has been agreed to assign to each hole the names of the people who have made Antequera Golf possible, or who have helped or will do it in the future to this project. . In this first appointment, as it could not be otherwise, Vicente Jim\u00e9nez has been chosen, assigning him hole 1. &#8221; In addition, he added that &#8220;from now on every year in this same Memorial will be assigned a new hole to the person who designates the presidency of the golf club.&#8221;<\/p>\n<p>The tournament was attended by about a hundred players, who once again clothed the Jim\u00e9nez family on a very special day where there was no shortage of family and friends who did not want to miss a championship that has been held every year and that wishes to endure in time. as the most prominent partner tournament of Antequera Golf.<\/p>\n<p>The test, disputed under the Individual Stableford modality, began at 9.30 am on a field fully recovered thanks to past rains and the excellent last maintenance and gardening works. After the game a succulent lunch was held based on AlSur Vegetable Products and Horticultural News, both companies belonging to the Jim\u00e9nez family.<\/p>\n<p>The winners received gifts of products from both companies, as well as nights at the Hotel Antequera and Hotel Convento La Magdalena. In addition, vegetable products were raffled so that all participants received a souvenir of the tournament.<\/p>\n<p>The award ceremony was attended by the captain of the field, Francisco Jim\u00e9nez, the professional and director, Victor Casado, the president of the male competition committee, Antonio Carrasco, the president of the Women&#8217;s Committee, Elena S\u00e1nchez, and the three children of Vicente Jim\u00e9nez , Pepe, Ram\u00f3n and Bernardino Jim\u00e9nez.<\/p>\n<p>The Jim\u00e9nez family thanked all the participants of the VIII Memorial for their unconditional fidelity to this emotional tournament in memory of its founder.<\/p>\n<p>CLASSIFICATION: SUSAN COTTER, ABSOLUTE CHAMPION OF THE VIII MEMORIAL VICENTE JIM\u00c9NEZ 1st classified Scratch: Susan Cotter<\/p>\n<p>1st Category Gentlemen:<\/p>\n<p>1st Place, Jos\u00e9 Requerey, 40 points.<\/p>\n<p>2nd Classified, Carlos Galindo, 37 points.<\/p>\n<p>2nd Category Gentlemen:<\/p>\n<p>1st Place, Robert Cyril, 34 points.<\/p>\n<p>2nd Place, Francisco Arjona, 34 points.<\/p>\n<p>3rd Category Gentlemen:<\/p>\n<p>1st Place, Toby Sturgess 38 points.<\/p>\n<p>2nd Place, Juan Jos\u00e9 Carrasco 34 points.<\/p>\n<p>Ladies category:<\/p>\n<p>1st Classified, Susan Cotter, 42 points.<\/p>\n<p>2nd Classified, Pilar Llama, 36 points.<\/p>\n<p>BEST STABLEFORD CARD Toby Sturgess, took his own weight in Vegetable Products ALSur.<\/p>\n","protected":false},"excerpt":{"rendered":"<p>The Antequera Golf captain, Francisco Jim\u00e9nez, announced that the hole 1 will be named Vicente Jim\u00e9nez, &#8220;for being the founder of what is the first golf course in the center of Andalusia, a dream that 15 years ago became a reality in the city of Antequera &#8220;Exciting golf day that was experienced during the eighth [&hellip;]<\/p>\n","protected":false},"author":1,"featured_media":1395,"comment_status":"open","ping_status":"open","sticky":false,"template":"","format":"standard","meta":{"_et_pb_use_builder":"","_et_pb_old_content":"","_et_gb_content_width":"","footnotes":""},"categories":[38,14,39,53],"tags":[],"yoast_head":"<!-- This site is optimized with the Yoast SEO plugin v22.5 - https:\/\/yoast.com\/wordpress\/plugins\/seo\/ -->\n<title>Antequera Golf held the VIII Vicente Jim\u00e9nez Memorial - Antequera Golf Course<\/title>\n<meta name=\"robots\" content=\"index, follow, max-snippet:-1, max-image-preview:large, max-video-preview:-1\" \/>\n<link rel=\"canonical\" href=\"https:\/\/www.golfantequera.com\/antequera-golf-celebro-viii-memorial-vicente-jimenez\/\" \/>\n<meta property=\"og:locale\" content=\"en_US\" \/>\n<meta property=\"og:type\" content=\"article\" \/>\n<meta property=\"og:title\" content=\"Antequera Golf held the VIII Vicente Jim\u00e9nez Memorial - Antequera Golf Course\" \/>\n<meta property=\"og:description\" content=\"The Antequera Golf captain, Francisco Jim\u00e9nez, announced that the hole 1 will be named Vicente Jim\u00e9nez, &#8220;for being the founder of what is the first golf course in the center of Andalusia, a dream that 15 years ago became a reality in the city of Antequera &#8220;Exciting golf day that was experienced during the eighth [&hellip;]\" \/>\n<meta property=\"og:url\" content=\"https:\/\/www.golfantequera.com\/antequera-golf-celebro-viii-memorial-vicente-jimenez\/\" \/>\n<meta property=\"og:site_name\" content=\"Antequera Golf Course\" \/>\n<meta property=\"article:published_time\" content=\"2018-12-17T09:55:33+00:00\" \/>\n<meta property=\"article:modified_time\" content=\"2018-12-17T09:56:18+00:00\" \/>\n<meta property=\"og:image\" content=\"https:\/\/www.golfantequera.com\/wp-content\/uploads\/2017\/04\/HOYO-1-8-1024x681.jpg\" \/>\n\t<meta property=\"og:image:width\" content=\"1024\" \/>\n\t<meta property=\"og:image:height\" content=\"681\" \/>\n\t<meta property=\"og:image:type\" content=\"image\/jpeg\" \/>\n<meta name=\"author\" content=\"cag\" \/>\n<meta name=\"twitter:card\" content=\"summary_large_image\" \/>\n<meta name=\"twitter:label1\" content=\"Written by\" \/>\n\t<meta name=\"twitter:data1\" content=\"cag\" \/>\n\t<meta name=\"twitter:label2\" content=\"Est. reading time\" \/>\n\t<meta name=\"twitter:data2\" content=\"2 minutes\" \/>\n<script type=\"application\/ld+json\" class=\"yoast-schema-graph\">{\"@context\":\"https:\/\/schema.org\",\"@graph\":[{\"@type\":\"Article\",\"@id\":\"https:\/\/www.golfantequera.com\/antequera-golf-celebro-viii-memorial-vicente-jimenez\/#article\",\"isPartOf\":{\"@id\":\"https:\/\/www.golfantequera.com\/antequera-golf-celebro-viii-memorial-vicente-jimenez\/\"},\"author\":{\"name\":\"cag\",\"@id\":\"https:\/\/www.golfantequera.com\/#\/schema\/person\/f7960558fda1170c51ffdac8216842e0\"},\"headline\":\"Antequera Golf held the VIII Vicente Jim\u00e9nez Memorial\",\"datePublished\":\"2018-12-17T09:55:33+00:00\",\"dateModified\":\"2018-12-17T09:56:18+00:00\",\"mainEntityOfPage\":{\"@id\":\"https:\/\/www.golfantequera.com\/antequera-golf-celebro-viii-memorial-vicente-jimenez\/\"},\"wordCount\":492,\"commentCount\":0,\"publisher\":{\"@id\":\"https:\/\/www.golfantequera.com\/#organization\"},\"image\":{\"@id\":\"https:\/\/www.golfantequera.com\/antequera-golf-celebro-viii-memorial-vicente-jimenez\/#primaryimage\"},\"thumbnailUrl\":\"https:\/\/www.golfantequera.com\/wp-content\/uploads\/2017\/04\/HOYO-1-8.jpg\",\"articleSection\":[\"Event\",\"Golf\",\"golf course\",\"sport\"],\"inLanguage\":\"en-US\",\"potentialAction\":[{\"@type\":\"CommentAction\",\"name\":\"Comment\",\"target\":[\"https:\/\/www.golfantequera.com\/antequera-golf-celebro-viii-memorial-vicente-jimenez\/#respond\"]}]},{\"@type\":\"WebPage\",\"@id\":\"https:\/\/www.golfantequera.com\/antequera-golf-celebro-viii-memorial-vicente-jimenez\/\",\"url\":\"https:\/\/www.golfantequera.com\/antequera-golf-celebro-viii-memorial-vicente-jimenez\/\",\"name\":\"Antequera Golf held the VIII Vicente Jim\u00e9nez Memorial - Antequera Golf Course\",\"isPartOf\":{\"@id\":\"https:\/\/www.golfantequera.com\/#website\"},\"primaryImageOfPage\":{\"@id\":\"https:\/\/www.golfantequera.com\/antequera-golf-celebro-viii-memorial-vicente-jimenez\/#primaryimage\"},\"image\":{\"@id\":\"https:\/\/www.golfantequera.com\/antequera-golf-celebro-viii-memorial-vicente-jimenez\/#primaryimage\"},\"thumbnailUrl\":\"https:\/\/www.golfantequera.com\/wp-content\/uploads\/2017\/04\/HOYO-1-8.jpg\",\"datePublished\":\"2018-12-17T09:55:33+00:00\",\"dateModified\":\"2018-12-17T09:56:18+00:00\",\"breadcrumb\":{\"@id\":\"https:\/\/www.golfantequera.com\/antequera-golf-celebro-viii-memorial-vicente-jimenez\/#breadcrumb\"},\"inLanguage\":\"en-US\",\"potentialAction\":[{\"@type\":\"ReadAction\",\"target\":[\"https:\/\/www.golfantequera.com\/antequera-golf-celebro-viii-memorial-vicente-jimenez\/\"]}]},{\"@type\":\"ImageObject\",\"inLanguage\":\"en-US\",\"@id\":\"https:\/\/www.golfantequera.com\/antequera-golf-celebro-viii-memorial-vicente-jimenez\/#primaryimage\",\"url\":\"https:\/\/www.golfantequera.com\/wp-content\/uploads\/2017\/04\/HOYO-1-8.jpg\",\"contentUrl\":\"https:\/\/www.golfantequera.com\/wp-content\/uploads\/2017\/04\/HOYO-1-8.jpg\",\"width\":4256,\"height\":2832},{\"@type\":\"BreadcrumbList\",\"@id\":\"https:\/\/www.golfantequera.com\/antequera-golf-celebro-viii-memorial-vicente-jimenez\/#breadcrumb\",\"itemListElement\":[{\"@type\":\"ListItem\",\"position\":1,\"name\":\"Portada\",\"item\":\"https:\/\/www.golfantequera.com\/\"},{\"@type\":\"ListItem\",\"position\":2,\"name\":\"Antequera Golf held the VIII Vicente Jim\u00e9nez Memorial\"}]},{\"@type\":\"WebSite\",\"@id\":\"https:\/\/www.golfantequera.com\/#website\",\"url\":\"https:\/\/www.golfantequera.com\/\",\"name\":\"Antequera Golf Course\",\"description\":\"Golf course in Antequera\",\"publisher\":{\"@id\":\"https:\/\/www.golfantequera.com\/#organization\"},\"potentialAction\":[{\"@type\":\"SearchAction\",\"target\":{\"@type\":\"EntryPoint\",\"urlTemplate\":\"https:\/\/www.golfantequera.com\/?s={search_term_string}\"},\"query-input\":\"required name=search_term_string\"}],\"inLanguage\":\"en-US\"},{\"@type\":\"Organization\",\"@id\":\"https:\/\/www.golfantequera.com\/#organization\",\"name\":\"Campo Antequera Golf\",\"url\":\"https:\/\/www.golfantequera.com\/\",\"logo\":{\"@type\":\"ImageObject\",\"inLanguage\":\"en-US\",\"@id\":\"https:\/\/www.golfantequera.com\/#\/schema\/logo\/image\/\",\"url\":\"https:\/\/www.golfantequera.com\/wp-content\/uploads\/2025\/03\/Logotipo-Antequera-Golf-horizontal-web.png\",\"contentUrl\":\"https:\/\/www.golfantequera.com\/wp-content\/uploads\/2025\/03\/Logotipo-Antequera-Golf-horizontal-web.png\",\"width\":600,\"height\":193,\"caption\":\"Campo Antequera Golf\"},\"image\":{\"@id\":\"https:\/\/www.golfantequera.com\/#\/schema\/logo\/image\/\"}},{\"@type\":\"Person\",\"@id\":\"https:\/\/www.golfantequera.com\/#\/schema\/person\/f7960558fda1170c51ffdac8216842e0\",\"name\":\"cag\",\"image\":{\"@type\":\"ImageObject\",\"inLanguage\":\"en-US\",\"@id\":\"https:\/\/www.golfantequera.com\/#\/schema\/person\/image\/\",\"url\":\"https:\/\/secure.gravatar.com\/avatar\/70d55547cdcc3577ea6074687c0d4f6c?s=96&d=mm&r=g\",\"contentUrl\":\"https:\/\/secure.gravatar.com\/avatar\/70d55547cdcc3577ea6074687c0d4f6c?s=96&d=mm&r=g\",\"caption\":\"cag\"},\"url\":\"https:\/\/www.golfantequera.com\/en\/author\/cag\/\"}]}<\/script>\n<!-- \/ Yoast SEO plugin. -->","yoast_head_json":{"title":"Antequera Golf held the VIII Vicente Jim\u00e9nez Memorial - Antequera Golf Course","robots":{"index":"index","follow":"follow","max-snippet":"max-snippet:-1","max-image-preview":"max-image-preview:large","max-video-preview":"max-video-preview:-1"},"canonical":"https:\/\/www.golfantequera.com\/antequera-golf-celebro-viii-memorial-vicente-jimenez\/","og_locale":"en_US","og_type":"article","og_title":"Antequera Golf held the VIII Vicente Jim\u00e9nez Memorial - Antequera Golf Course","og_description":"The Antequera Golf captain, Francisco Jim\u00e9nez, announced that the hole 1 will be named Vicente Jim\u00e9nez, &#8220;for being the founder of what is the first golf course in the center of Andalusia, a dream that 15 years ago became a reality in the city of Antequera &#8220;Exciting golf day that was experienced during the eighth [&hellip;]","og_url":"https:\/\/www.golfantequera.com\/antequera-golf-celebro-viii-memorial-vicente-jimenez\/","og_site_name":"Antequera Golf Course","article_published_time":"2018-12-17T09:55:33+00:00","article_modified_time":"2018-12-17T09:56:18+00:00","og_image":[{"width":1024,"height":681,"url":"https:\/\/www.golfantequera.com\/wp-content\/uploads\/2017\/04\/HOYO-1-8-1024x681.jpg","type":"image\/jpeg"}],"author":"cag","twitter_card":"summary_large_image","twitter_misc":{"Written by":"cag","Est. reading time":"2 minutes"},"schema":{"@context":"https:\/\/schema.org","@graph":[{"@type":"Article","@id":"https:\/\/www.golfantequera.com\/antequera-golf-celebro-viii-memorial-vicente-jimenez\/#article","isPartOf":{"@id":"https:\/\/www.golfantequera.com\/antequera-golf-celebro-viii-memorial-vicente-jimenez\/"},"author":{"name":"cag","@id":"https:\/\/www.golfantequera.com\/#\/schema\/person\/f7960558fda1170c51ffdac8216842e0"},"headline":"Antequera Golf held the VIII Vicente Jim\u00e9nez Memorial","datePublished":"2018-12-17T09:55:33+00:00","dateModified":"2018-12-17T09:56:18+00:00","mainEntityOfPage":{"@id":"https:\/\/www.golfantequera.com\/antequera-golf-celebro-viii-memorial-vicente-jimenez\/"},"wordCount":492,"commentCount":0,"publisher":{"@id":"https:\/\/www.golfantequera.com\/#organization"},"image":{"@id":"https:\/\/www.golfantequera.com\/antequera-golf-celebro-viii-memorial-vicente-jimenez\/#primaryimage"},"thumbnailUrl":"https:\/\/www.golfantequera.com\/wp-content\/uploads\/2017\/04\/HOYO-1-8.jpg","articleSection":["Event","Golf","golf course","sport"],"inLanguage":"en-US","potentialAction":[{"@type":"CommentAction","name":"Comment","target":["https:\/\/www.golfantequera.com\/antequera-golf-celebro-viii-memorial-vicente-jimenez\/#respond"]}]},{"@type":"WebPage","@id":"https:\/\/www.golfantequera.com\/antequera-golf-celebro-viii-memorial-vicente-jimenez\/","url":"https:\/\/www.golfantequera.com\/antequera-golf-celebro-viii-memorial-vicente-jimenez\/","name":"Antequera Golf held the VIII Vicente Jim\u00e9nez Memorial - Antequera Golf Course","isPartOf":{"@id":"https:\/\/www.golfantequera.com\/#website"},"primaryImageOfPage":{"@id":"https:\/\/www.golfantequera.com\/antequera-golf-celebro-viii-memorial-vicente-jimenez\/#primaryimage"},"image":{"@id":"https:\/\/www.golfantequera.com\/antequera-golf-celebro-viii-memorial-vicente-jimenez\/#primaryimage"},"thumbnailUrl":"https:\/\/www.golfantequera.com\/wp-content\/uploads\/2017\/04\/HOYO-1-8.jpg","datePublished":"2018-12-17T09:55:33+00:00","dateModified":"2018-12-17T09:56:18+00:00","breadcrumb":{"@id":"https:\/\/www.golfantequera.com\/antequera-golf-celebro-viii-memorial-vicente-jimenez\/#breadcrumb"},"inLanguage":"en-US","potentialAction":[{"@type":"ReadAction","target":["https:\/\/www.golfantequera.com\/antequera-golf-celebro-viii-memorial-vicente-jimenez\/"]}]},{"@type":"ImageObject","inLanguage":"en-US","@id":"https:\/\/www.golfantequera.com\/antequera-golf-celebro-viii-memorial-vicente-jimenez\/#primaryimage","url":"https:\/\/www.golfantequera.com\/wp-content\/uploads\/2017\/04\/HOYO-1-8.jpg","contentUrl":"https:\/\/www.golfantequera.com\/wp-content\/uploads\/2017\/04\/HOYO-1-8.jpg","width":4256,"height":2832},{"@type":"BreadcrumbList","@id":"https:\/\/www.golfantequera.com\/antequera-golf-celebro-viii-memorial-vicente-jimenez\/#breadcrumb","itemListElement":[{"@type":"ListItem","position":1,"name":"Portada","item":"https:\/\/www.golfantequera.com\/"},{"@type":"ListItem","position":2,"name":"Antequera Golf held the VIII Vicente Jim\u00e9nez Memorial"}]},{"@type":"WebSite","@id":"https:\/\/www.golfantequera.com\/#website","url":"https:\/\/www.golfantequera.com\/","name":"Antequera Golf Course","description":"Golf course in Antequera","publisher":{"@id":"https:\/\/www.golfantequera.com\/#organization"},"potentialAction":[{"@type":"SearchAction","target":{"@type":"EntryPoint","urlTemplate":"https:\/\/www.golfantequera.com\/?s={search_term_string}"},"query-input":"required name=search_term_string"}],"inLanguage":"en-US"},{"@type":"Organization","@id":"https:\/\/www.golfantequera.com\/#organization","name":"Campo Antequera Golf","url":"https:\/\/www.golfantequera.com\/","logo":{"@type":"ImageObject","inLanguage":"en-US","@id":"https:\/\/www.golfantequera.com\/#\/schema\/logo\/image\/","url":"https:\/\/www.golfantequera.com\/wp-content\/uploads\/2025\/03\/Logotipo-Antequera-Golf-horizontal-web.png","contentUrl":"https:\/\/www.golfantequera.com\/wp-content\/uploads\/2025\/03\/Logotipo-Antequera-Golf-horizontal-web.png","width":600,"height":193,"caption":"Campo Antequera Golf"},"image":{"@id":"https:\/\/www.golfantequera.com\/#\/schema\/logo\/image\/"}},{"@type":"Person","@id":"https:\/\/www.golfantequera.com\/#\/schema\/person\/f7960558fda1170c51ffdac8216842e0","name":"cag","image":{"@type":"ImageObject","inLanguage":"en-US","@id":"https:\/\/www.golfantequera.com\/#\/schema\/person\/image\/","url":"https:\/\/secure.gravatar.com\/avatar\/70d55547cdcc3577ea6074687c0d4f6c?s=96&d=mm&r=g","contentUrl":"https:\/\/secure.gravatar.com\/avatar\/70d55547cdcc3577ea6074687c0d4f6c?s=96&d=mm&r=g","caption":"cag"},"url":"https:\/\/www.golfantequera.com\/en\/author\/cag\/"}]}},"_links":{"self":[{"href":"https:\/\/www.golfantequera.com\/en\/wp-json\/wp\/v2\/posts\/1512"}],"collection":[{"href":"https:\/\/www.golfantequera.com\/en\/wp-json\/wp\/v2\/posts"}],"about":[{"href":"https:\/\/www.golfantequera.com\/en\/wp-json\/wp\/v2\/types\/post"}],"author":[{"embeddable":true,"href":"https:\/\/www.golfantequera.com\/en\/wp-json\/wp\/v2\/users\/1"}],"replies":[{"embeddable":true,"href":"https:\/\/www.golfantequera.com\/en\/wp-json\/wp\/v2\/comments?post=1512"}],"version-history":[{"count":1,"href":"https:\/\/www.golfantequera.com\/en\/wp-json\/wp\/v2\/posts\/1512\/revisions"}],"predecessor-version":[{"id":1513,"href":"https:\/\/www.golfantequera.com\/en\/wp-json\/wp\/v2\/posts\/1512\/revisions\/1513"}],"wp:featuredmedia":[{"embeddable":true,"href":"https:\/\/www.golfantequera.com\/en\/wp-json\/wp\/v2\/media\/1395"}],"wp:attachment":[{"href":"https:\/\/www.golfantequera.com\/en\/wp-json\/wp\/v2\/media?parent=1512"}],"wp:term":[{"taxonomy":"category","embeddable":true,"href":"https:\/\/www.golfantequera.com\/en\/wp-json\/wp\/v2\/categories?post=1512"},{"taxonomy":"post_tag","embeddable":true,"href":"https:\/\/www.golfantequera.com\/en\/wp-json\/wp\/v2\/tags?post=1512"}],"curies":[{"name":"wp","href":"https:\/\/api.w.org\/{rel}","templated":true}]}}